{"id":2612,"date":"2024-09-27T11:55:20","date_gmt":"2024-09-27T09:55:20","guid":{"rendered":"https:\/\/eine-gesellschaftsfrage.de\/oberhausen\/?p=2612"},"modified":"2025-01-16T10:21:40","modified_gmt":"2025-01-16T09:21:40","slug":"workshop-energie-zuhause-geschichten-der-energiewende","status":"publish","type":"post","link":"https:\/\/eine-gesellschaftsfrage.de\/oberhausen\/workshop-energie-zuhause-geschichten-der-energiewende\/","title":{"rendered":"Workshop: \u201eEnergie zuhause?! &#8211; Geschichten der Energiewende\u201c"},"content":{"rendered":"\n<h2 class=\"wp-block-heading\">Watt&#8217;n Leben: Energiegeschichten aus dem Ruhrgebiet <\/h2>\n\n\n\n<h4 class=\"wp-block-heading\">Workshop \u201eEnergie zuhause?! Geschichten der Energiewende\u201c in Oberhausen<\/h4>\n\n\n\n<div style=\"height:2.2rem\" aria-hidden=\"true\" class=\"wp-block-spacer\"><\/div>\n\n\n\n<div class=\"wp-block-columns is-layout-flex wp-container-core-columns-is-layout-9d6595d7 wp-block-columns-is-layout-flex\">\n<div class=\"wp-block-column is-layout-flow wp-block-column-is-layout-flow\">\n<h4 class=\"wp-block-heading\">F\u00fcr eine Energiewende vor Ort<\/h4>\n\n\n\n<p class=\"has-text-align-left\">Am 5. Juli 2024 fand der Workshop \u201eEnergie zuhause?! Geschichten der Energiewende\u201c im Rathaus Oberhausen statt. Es kamen im Rahmen eines halbt\u00e4gigen Workshops elf B\u00fcrger*innen zusammen. Ziel war es, ihre Perspektiven auf Energie zuhause sichtbar zu machen und gemeinsame Strategien f\u00fcr die Umsetzung der Energiewende vor Ort in Oberhausen sowie in den eigenen vier W\u00e4nden zu entwickeln.<\/p>\n<\/div>\n\n\n\n<div class=\"wp-block-column is-layout-flow wp-block-column-is-layout-flow\">\n<h4 class=\"wp-block-heading\">Pers\u00f6nliche Geschichten der Energiewende<\/h4>\n\n\n\n<p>Anhand von eigenen Fotos und Bildimpulsen schilderten die Teilnehmer*innen ihre pers\u00f6nlichen Alltagserfahrungen mit Energie in den eigenen vier W\u00e4nden. Ihre Geschichten machten deutlich, wie vielf\u00e4ltig Energie den Alltag der Teilnehmer*innen pr\u00e4gt: Vom Wohnen in unsanierten Geb\u00e4uden, \u00fcber energiesparendes Verhalten im Alltag bis zum bewussten Verzicht auf elektronische Ger\u00e4te wurden diverse Aspekte der Energiewende thematisiert.<\/p>\n<\/div>\n\n\n\n<div class=\"wp-block-column is-layout-flow wp-block-column-is-layout-flow\">\n<h4 class=\"wp-block-heading\">Vertiefende Diskussionen im World Caf\u00e9<\/h4>\n\n\n\n<p>In Kleingruppen diskutierten die Teilnehmer*innen aufbauend auf ihren Energiegeschichten zu unterschiedlichen Fragestellungen: Wie kann die Umsetzung der Energiewende gelingen, wo hakt es noch und wie k\u00f6nnen wir uns gegenseitig bei der Gestaltung einer nachhaltigen Zukunft unterst\u00fctzen? Auf diese Fragen fanden die Gruppen praktische Antworten und kamen gemeinsam zum Schluss: Die Energiewende geht uns alle an und wir k\u00f6nnen sie zusammen gestalten.<\/p>\n<\/div>\n<\/div>\n\n\n\n<div style=\"height:2.2rem\" aria-hidden=\"true\" class=\"wp-block-spacer\"><\/div>\n\n\n\n<figure class=\"wp-block-gallery has-nested-images columns-5 is-cropped wp-block-gallery-1 is-layout-flex wp-block-gallery-is-layout-flex\">\n<figure class=\"wp-block-image size-full\"><img decoding=\"async\" width=\"1184\" height=\"1641\" data-id=\"2873\" src=\"https:\/\/eine-gesellschaftsfrage.de\/wp-content\/uploads\/2024\/10\/IMG_20240705_184742-e1729165701755.jpg\" alt=\"\" class=\"wp-image-2873\" srcset=\"https:\/\/eine-gesellschaftsfrage.de\/wp-content\/uploads\/2024\/10\/IMG_20240705_184742-e1729165701755.jpg 1184w, https:\/\/eine-gesellschaftsfrage.de\/wp-content\/uploads\/2024\/10\/IMG_20240705_184742-e1729165701755-577x800.jpg 577w, https:\/\/eine-gesellschaftsfrage.de\/wp-content\/uploads\/2024\/10\/IMG_20240705_184742-e1729165701755-216x300.jpg 216w, https:\/\/eine-gesellschaftsfrage.de\/wp-content\/uploads\/2024\/10\/IMG_20240705_184742-e1729165701755-768x1064.jpg 768w, https:\/\/eine-gesellschaftsfrage.de\/wp-content\/uploads\/2024\/10\/IMG_20240705_184742-e1729165701755-1108x1536.jpg 1108w\" sizes=\"(max-width: 1184px) 100vw, 1184px\" \/><\/figure>\n\n\n\n<figure class=\"wp-block-image size-large\"><img decoding=\"async\" width=\"1440\" height=\"1920\" data-id=\"2797\" src=\"https:\/\/eine-gesellschaftsfrage.de\/wp-content\/uploads\/2024\/09\/IMG_20240705_183828-1.jpg\" alt=\"\" class=\"wp-image-2797\" srcset=\"https:\/\/eine-gesellschaftsfrage.de\/wp-content\/uploads\/2024\/09\/IMG_20240705_183828-1.jpg 1440w, https:\/\/eine-gesellschaftsfrage.de\/wp-content\/uploads\/2024\/09\/IMG_20240705_183828-1-600x800.jpg 600w, https:\/\/eine-gesellschaftsfrage.de\/wp-content\/uploads\/2024\/09\/IMG_20240705_183828-1-225x300.jpg 225w, https:\/\/eine-gesellschaftsfrage.de\/wp-content\/uploads\/2024\/09\/IMG_20240705_183828-1-768x1024.jpg 768w, https:\/\/eine-gesellschaftsfrage.de\/wp-content\/uploads\/2024\/09\/IMG_20240705_183828-1-1152x1536.jpg 1152w\" sizes=\"(max-width: 1440px) 100vw, 1440px\" \/><\/figure>\n\n\n\n<figure class=\"wp-block-image size-full\"><img decoding=\"async\" width=\"1440\" height=\"1920\" data-id=\"2870\" src=\"https:\/\/eine-gesellschaftsfrage.de\/wp-content\/uploads\/2024\/10\/IMG_20240705_180006.jpg\" alt=\"\" class=\"wp-image-2870\" srcset=\"https:\/\/eine-gesellschaftsfrage.de\/wp-content\/uploads\/2024\/10\/IMG_20240705_180006.jpg 1440w, https:\/\/eine-gesellschaftsfrage.de\/wp-content\/uploads\/2024\/10\/IMG_20240705_180006-600x800.jpg 600w, https:\/\/eine-gesellschaftsfrage.de\/wp-content\/uploads\/2024\/10\/IMG_20240705_180006-225x300.jpg 225w, https:\/\/eine-gesellschaftsfrage.de\/wp-content\/uploads\/2024\/10\/IMG_20240705_180006-768x1024.jpg 768w, https:\/\/eine-gesellschaftsfrage.de\/wp-content\/uploads\/2024\/10\/IMG_20240705_180006-1152x1536.jpg 1152w\" sizes=\"(max-width: 1440px) 100vw, 1440px\" \/><\/figure>\n\n\n\n<figure class=\"wp-block-image size-large\"><img decoding=\"async\" width=\"1440\" height=\"1920\" data-id=\"2799\" src=\"https:\/\/eine-gesellschaftsfrage.de\/wp-content\/uploads\/2024\/09\/IMG_20240705_184848.jpg\" alt=\"\" class=\"wp-image-2799\" srcset=\"https:\/\/eine-gesellschaftsfrage.de\/wp-content\/uploads\/2024\/09\/IMG_20240705_184848.jpg 1440w, https:\/\/eine-gesellschaftsfrage.de\/wp-content\/uploads\/2024\/09\/IMG_20240705_184848-600x800.jpg 600w, https:\/\/eine-gesellschaftsfrage.de\/wp-content\/uploads\/2024\/09\/IMG_20240705_184848-225x300.jpg 225w, https:\/\/eine-gesellschaftsfrage.de\/wp-content\/uploads\/2024\/09\/IMG_20240705_184848-768x1024.jpg 768w, https:\/\/eine-gesellschaftsfrage.de\/wp-content\/uploads\/2024\/09\/IMG_20240705_184848-1152x1536.jpg 1152w\" sizes=\"(max-width: 1440px) 100vw, 1440px\" \/><\/figure>\n\n\n\n<figure class=\"wp-block-image size-full\"><img decoding=\"async\" width=\"1440\" height=\"1920\" data-id=\"2871\" src=\"https:\/\/eine-gesellschaftsfrage.de\/wp-content\/uploads\/2024\/10\/IMG_20240705_183954.jpg\" alt=\"\" class=\"wp-image-2871\" srcset=\"https:\/\/eine-gesellschaftsfrage.de\/wp-content\/uploads\/2024\/10\/IMG_20240705_183954.jpg 1440w, https:\/\/eine-gesellschaftsfrage.de\/wp-content\/uploads\/2024\/10\/IMG_20240705_183954-600x800.jpg 600w, https:\/\/eine-gesellschaftsfrage.de\/wp-content\/uploads\/2024\/10\/IMG_20240705_183954-225x300.jpg 225w, https:\/\/eine-gesellschaftsfrage.de\/wp-content\/uploads\/2024\/10\/IMG_20240705_183954-768x1024.jpg 768w, https:\/\/eine-gesellschaftsfrage.de\/wp-content\/uploads\/2024\/10\/IMG_20240705_183954-1152x1536.jpg 1152w\" sizes=\"(max-width: 1440px) 100vw, 1440px\" \/><\/figure>\n<figcaption class=\"blocks-gallery-caption wp-element-caption\">Fotografie: Alena Schulte<\/figcaption><\/figure>\n\n\n\n<div style=\"height:5rem\" aria-hidden=\"true\" class=\"wp-block-spacer\"><\/div>\n\n\n\n<h4 class=\"wp-block-heading\">Workshop-Dokumentation mit Graphic Recording<\/h4>\n\n\n\n<p>Der gesamte Workshop wurde durch Graphic Recording visuell begleitet. Inhalte, Prozesse und Ergebnisse flossen direkt in eine \u00fcbersichtliche Grafik ein, die einen umfassenden \u00dcberblick \u00fcber die Veranstaltung bot. Auch nach dem Workshop dient das Schaubild als hilfreiche Grundlage, um die Ergebnisse leicht nachzuvollziehen und die Projektarbeit weiter voranzutreiben.<\/p>\n\n\n\n<figure class=\"wp-block-image size-full is-style-zoooom\"><img decoding=\"async\" width=\"1920\" height=\"1177\" src=\"https:\/\/eine-gesellschaftsfrage.de\/wp-content\/uploads\/2024\/10\/Graphic_Recording_08102024-e1728373331101.jpg\" alt=\"\" class=\"wp-image-2849\" srcset=\"https:\/\/eine-gesellschaftsfrage.de\/wp-content\/uploads\/2024\/10\/Graphic_Recording_08102024-e1728373331101.jpg 1920w, https:\/\/eine-gesellschaftsfrage.de\/wp-content\/uploads\/2024\/10\/Graphic_Recording_08102024-e1728373331101-800x490.jpg 800w, https:\/\/eine-gesellschaftsfrage.de\/wp-content\/uploads\/2024\/10\/Graphic_Recording_08102024-e1728373331101-300x184.jpg 300w, https:\/\/eine-gesellschaftsfrage.de\/wp-content\/uploads\/2024\/10\/Graphic_Recording_08102024-e1728373331101-768x471.jpg 768w, https:\/\/eine-gesellschaftsfrage.de\/wp-content\/uploads\/2024\/10\/Graphic_Recording_08102024-e1728373331101-1536x942.jpg 1536w\" sizes=\"(max-width: 1920px) 100vw, 1920px\" \/><figcaption class=\"wp-element-caption\">\u00a9 Maike Burghoff<\/figcaption><\/figure>\n\n\n\n<div style=\"height:50px\" aria-hidden=\"true\" class=\"wp-block-spacer\"><\/div>\n\n\n\n<div class=\"wp-block-group is-content-justification-space-between is-nowrap is-layout-flex wp-container-core-group-is-layout-0dfbf163 wp-block-group-is-layout-flex\">\n<p>\u2190<a href=\"https:\/\/eine-gesellschaftsfrage.de\/projektergebnisse\/\" data-type=\"page\" data-id=\"121\">zur\u00fcck<\/a><\/p>\n\n\n\n<div class=\"wp-block-group is-content-justification-right is-nowrap is-layout-flex wp-container-core-group-is-layout-fd526d70 wp-block-group-is-layout-flex\">\n<p>weitere Beitr\u00e4ge:<\/p>\n\n\n\n\n<\/div>\n<\/div>\n","protected":false},"excerpt":{"rendered":"<p>Watt&#8217;n Leben: Energiegeschichten aus dem Ruhrgebiet Workshop \u201eEnergie zuhause?! Geschichten der Energiewende\u201c in Oberhausen F\u00fcr eine Energiewende vor Ort Am 5. Juli 2024 fand der Workshop \u201eEnergie zuhause?! Geschichten der Energiewende\u201c im Rathaus Oberhausen statt. Es kamen im Rahmen eines&#8230;<\/p>\n","protected":false},"author":6,"featured_media":2869,"comment_status":"open","ping_status":"open","sticky":false,"template":"","format":"standard","meta":{"_acf_changed":false,"footnotes":""},"categories":[1],"tags":[],"coauthors":[12],"class_list":["post-2612","post","type-post","status-publish","format-standard","has-post-thumbnail","hentry","category-allgemein"],"acf":[],"_links":{"self":[{"href":"https:\/\/eine-gesellschaftsfrage.de\/oberhausen\/wp-json\/wp\/v2\/posts\/2612","targetHints":{"allow":["GET"]}}],"collection":[{"href":"https:\/\/eine-gesellschaftsfrage.de\/oberhausen\/wp-json\/wp\/v2\/posts"}],"about":[{"href":"https:\/\/eine-gesellschaftsfrage.de\/oberhausen\/wp-json\/wp\/v2\/types\/post"}],"author":[{"embeddable":true,"href":"https:\/\/eine-gesellschaftsfrage.de\/oberhausen\/wp-json\/wp\/v2\/users\/6"}],"replies":[{"embeddable":true,"href":"https:\/\/eine-gesellschaftsfrage.de\/oberhausen\/wp-json\/wp\/v2\/comments?post=2612"}],"version-history":[{"count":86,"href":"https:\/\/eine-gesellschaftsfrage.de\/oberhausen\/wp-json\/wp\/v2\/posts\/2612\/revisions"}],"predecessor-version":[{"id":2878,"href":"https:\/\/eine-gesellschaftsfrage.de\/oberhausen\/wp-json\/wp\/v2\/posts\/2612\/revisions\/2878"}],"wp:featuredmedia":[{"embeddable":true,"href":"https:\/\/eine-gesellschaftsfrage.de\/oberhausen\/wp-json\/wp\/v2\/media\/2869"}],"wp:attachment":[{"href":"https:\/\/eine-gesellschaftsfrage.de\/oberhausen\/wp-json\/wp\/v2\/media?parent=2612"}],"wp:term":[{"taxonomy":"category","embeddable":true,"href":"https:\/\/eine-gesellschaftsfrage.de\/oberhausen\/wp-json\/wp\/v2\/categories?post=2612"},{"taxonomy":"post_tag","embeddable":true,"href":"https:\/\/eine-gesellschaftsfrage.de\/oberhausen\/wp-json\/wp\/v2\/tags?post=2612"},{"taxonomy":"author","embeddable":true,"href":"https:\/\/eine-gesellschaftsfrage.de\/oberhausen\/wp-json\/wp\/v2\/coauthors?post=2612"}],"curies":[{"name":"wp","href":"https:\/\/api.w.org\/{rel}","templated":true}]}}